{"id":283,"date":"2025-08-11T11:05:23","date_gmt":"2025-08-11T11:05:23","guid":{"rendered":"https:\/\/esencaninternational.com\/?p=283"},"modified":"2025-08-18T11:06:35","modified_gmt":"2025-08-18T11:06:35","slug":"dis-sagligi-3","status":"publish","type":"post","link":"https:\/\/esencaninternational.com\/tr\/dis-sagligi-3\/","title":{"rendered":"Akut Bron\u015fit Nedir? Neden Olur?"},"content":{"rendered":"\n<p><\/p>\n\n\n\n<p>Genellikle so\u011fuk alg\u0131nl\u0131\u011f\u0131 rahats\u0131zl\u0131\u011f\u0131ndan sonra ortaya \u00e7\u0131kan ve son derece yayg\u0131n g\u00f6r\u00fclen akut bron\u015fit hastal\u0131\u011f\u0131, akci\u011fere ya da solunum yollar\u0131n\u0131n \u00fcst b\u00f6l\u00fcm\u00fcne yerle\u015fen bakteri veya vir\u00fcslerden kaynaklan\u0131r. Solunum hava yollar\u0131 olan bron\u015flarda iltihaplanma olu\u015fmas\u0131na sebebiyet verir ve buna ba\u011fl\u0131 olarak bron\u015flarda \u015fi\u015fme ve balgam olu\u015fmas\u0131 gibi s\u0131k\u0131nt\u0131lar\u0131 da beraberinde getirir. \u00c7ocuklarda \u00e7ok daha s\u0131k g\u00f6r\u00fclen akur bron\u015fit problemi \u00e7ok ani ba\u015flayan hastal\u0131klar aras\u0131nda yer al\u0131r. 3 g\u00fcn ila 10 g\u00fcn aras\u0131nda hastal\u0131k kendili\u011finden de iyile\u015febilir fakat beraberinde getirdi\u011fi \u00f6ks\u00fcr\u00fck \u00e7ok uzun s\u00fcre devam eder.<\/p>\n\n\n\n<p><strong>Akut Bron\u015fit Sebebi Nedir?<\/strong><br>Pek \u00e7ok farkl\u0131 nedenle ortaya \u00e7\u0131kabilen akur bron\u015fite vir\u00fcsler ya da bakteriler neden olur. Ayn\u0131 zamanda ci\u011ferlerde a\u011f\u0131r tahribata sebebiyet verebilen sigara kullan\u0131m\u0131, toz, sisli hava, hava kirlili\u011fi de bron\u015flarda rahats\u0131zl\u0131\u011fa sebebiyet verir. Bu gibi unsurlara ba\u011fl\u0131 olarak bron\u015flarda \u015fi\u015fme ve balgam \u015feklinde bir tepki olu\u015fur. Bu tepkiye \u00f6ks\u00fcr\u00fck de e\u015flik eder. Bazen grip ya da so\u011fuk alg\u0131nl\u0131\u011f\u0131 hastal\u0131\u011f\u0131ndan hemen sonra da akut bron\u015fit ortaya \u00e7\u0131kabilir. Ayr\u0131ca ani \u0131s\u0131 de\u011fi\u015fimleri, \u00e7ok nemli bir hava ya da \u00e7ok kuru bir hava da bu hastal\u0131\u011f\u0131n nedenleri aras\u0131nda yer al\u0131r.<\/p>\n\n\n\n<p><strong>Akut Bron\u015fitin Risk Fakt\u00f6rleri<\/strong><br>Baz\u0131 risk fakt\u00f6rleri hem \u00e7ocuklar\u0131n hem de yeti\u015fkinlerin akut bron\u015fite yakalanma olas\u0131l\u0131klar\u0131n\u0131 artt\u0131r\u0131r. Bu risk fakt\u00f6rlerini \u015fu \u015fekilde s\u0131ralayabiliriz:<\/p>\n\n\n\n<ul class=\"wp-block-list\">\n<li>Ara\u00e7lar\u0131n egzozlar\u0131ndan \u00e7\u0131kan duman<\/li>\n\n\n\n<li>Yemekhanelerdeki buhar<\/li>\n\n\n\n<li>Hava kirlili\u011fi<\/li>\n\n\n\n<li>Hayvanc\u0131l\u0131klar u\u011fra\u015f\u0131lmas\u0131<\/li>\n\n\n\n<li>Tah\u0131l, tekstil ya da k\u00f6m\u00fcr sekt\u00f6r\u00fcnde \u00e7al\u0131\u015fma<\/li>\n\n\n\n<li>Erkek cinsiyette olma<\/li>\n\n\n\n<li>Daha \u00f6nce akci\u011ferle ilgili hastal\u0131k ge\u00e7irmi\u015f olma<\/li>\n\n\n\n<li>Sigara duman\u0131<\/li>\n\n\n\n<li>Tozlu ve sisli hava<\/li>\n\n\n\n<li>\u00c7ocukken ba\u011f\u0131\u015f\u0131kl\u0131k sistemini g\u00fc\u00e7lendiren a\u015f\u0131lar\u0131n yap\u0131lmam\u0131\u015f olmas\u0131<\/li>\n\n\n\n<li>Bron\u015fit ya da so\u011fuk alg\u0131nl\u0131\u011f\u0131 ya\u015fayan ki\u015filerle yak\u0131n temas<\/li>\n<\/ul>\n\n\n\n<p><strong>Akur Bron\u015fitin V\u00fccuda Etkileri Neler?<\/strong><br>Bu rahats\u0131zl\u0131\u011f\u0131n ortaya \u00e7\u0131kmas\u0131 halinde bron\u015flarda enfeksiyon meydana gelir. A\u011f\u0131z ya da burun yolu ile solunum yollar\u0131na bula\u015fan bakteri ya da vir\u00fcsler bron\u015flara ilerleyerek yerle\u015fir. Ard\u0131ndan bron\u015f h\u00fccrelerinde enfeksiyon yani iltihaplanma meydana gelmesini sa\u011flar. V\u00fccut bu iltihap ile m\u00fccadele ederken bron\u015flarda \u015fi\u015fme ve balgam tepkisi olu\u015fur. Balgam ve bron\u015f \u015fi\u015fmesi kuvvetli ve s\u0131k \u00f6ks\u00fcr\u00fc\u011fe neden olur. Bron\u015flarda meydana gelen \u00f6dem solunumu zorla\u015ft\u0131rd\u0131\u011f\u0131 i\u00e7in hastalarda nefes al\u0131p vermede s\u0131k\u0131nt\u0131 da g\u00f6r\u00fclebilir. Genellikle v\u00fccut iltihaplanma ile yapt\u0131\u011f\u0131 m\u00fccadeleyi kazan\u0131r ve tedavi uygulanmasa da hastal\u0131k kendili\u011finden ge\u00e7er. Ancak \u00f6ks\u00fcr\u00fck ve balgam \u00e7\u0131karma \u00e7ok daha uzun s\u00fcre devam eder ve bu s\u0131k\u0131nt\u0131lar\u0131n daha h\u0131zl\u0131 ge\u00e7mesi i\u00e7in ila\u00e7 kullan\u0131m\u0131 gerekebilir.<\/p>\n\n\n\n<p><strong>Akut Bron\u015fit \u00d6nemli Bir Hastal\u0131k m\u0131?<\/strong><br>Akut bron\u015fit belirtilerinin g\u00fc\u00e7l\u00fc olmas\u0131 nedeniyle b\u00fcy\u00fck endi\u015fe yaratabilir. Oysa \u00e7ok ciddi bir hastal\u0131k de\u011fildir \u00e7\u00fcnk\u00fc akci\u011ferlerde ya da bron\u015flarda kal\u0131c\u0131 bir zarar olu\u015fturmaz. Genellikle kendili\u011finden ge\u00e7en bir hastal\u0131kt\u0131r. Sadece \u00e7e\u015fitli nedenlerle ba\u011f\u0131\u015f\u0131kl\u0131k sistemi zay\u0131flam\u0131\u015f olan ki\u015filerde solunum yetmezli\u011fi ya da zat\u00fcrre gibi rahats\u0131zl\u0131klara sebebiyet verebilir. Ancak sa\u011fl\u0131kl\u0131 ve ba\u011f\u0131\u015f\u0131kl\u0131k sistemi g\u00fc\u00e7l\u00fc olan ki\u015filerde herhangi bir soruna neden olmaz. \u00d6ks\u00fcr\u00fck nedeniyle bo\u011fazda tahri\u015f meydana gelebilir. Bunu \u00f6nlemek i\u00e7in de baz\u0131 ila\u00e7lar\u0131n kullan\u0131lmas\u0131 gerekebilir.<\/p>\n\n\n\n<p><strong>Akut Bron\u015fit Belirtileri Nelerdir?<\/strong><\/p>\n\n\n\n<ul class=\"wp-block-list\">\n<li>\u00d6ks\u00fcr\u00fck<\/li>\n\n\n\n<li>Sar\u0131 ya da ye\u015fil renkte balgam \u00e7\u0131karma<\/li>\n\n\n\n<li>Burun ak\u0131nt\u0131s\u0131 ve burun t\u0131kan\u0131kl\u0131\u011f\u0131<\/li>\n\n\n\n<li>Halsizlik<\/li>\n\n\n\n<li>Yorgunluk<\/li>\n\n\n\n<li>\u00d6ks\u00fcr\u00fcklerden kaynaklanan kaburga a\u011fr\u0131s\u0131<\/li>\n\n\n\n<li>Solunum s\u0131ras\u0131nda h\u0131r\u0131lt\u0131 \u00e7\u0131kmas\u0131<\/li>\n<\/ul>\n\n\n\n<p><strong>Akut Bron\u015fit Tan\u0131s\u0131 Nas\u0131l Konur?<\/strong><br>Tan\u0131 konabilmesi i\u00e7in \u00f6ncelikle hastan\u0131n fiziksel muayene edilmesi gerekir. Ard\u0131ndan hastan\u0131n durumuna g\u00f6re hekim taraf\u0131ndan baz\u0131 tetkikler istenebilir. Akci\u011fer filmi bu tetkikler aras\u0131nda yer al\u0131r. \u00d6zellikle ate\u015f olan hastalarda akci\u011fer filmi mutlaka istenir. Bununla beraber hastan\u0131n kan tahlillerinin yap\u0131lmas\u0131 ve bo\u011faz k\u00fclt\u00fcr\u00fc al\u0131nmas\u0131 da gerekebilir.<\/p>\n\n\n\n<p><strong>Akut Bron\u015fit Tedavisi Nas\u0131l Yap\u0131l\u0131r?<\/strong><br>Bu rahats\u0131zl\u0131\u011fa yakalanan ki\u015filer genellikle kendi kendine iyile\u015fir. \u0130yile\u015fme i\u00e7in 10 g\u00fcnl\u00fck bir s\u00fcrenin ge\u00e7mesi gerekebilir. Enfeksiyonun v\u00fccuttan tamamen at\u0131lmas\u0131 ise birka\u00e7 hafta s\u00fcrece\u011finden \u00f6ks\u00fcr\u00fck ya da balgam gibi belirtileri birka\u00e7 hafta daha devam eder. Bu s\u00fcre\u00e7te hastan\u0131n istirahat etmesi ve bol miktarda s\u0131v\u0131 t\u00fcketmesi gerekir. Tedavi amac\u0131yla genellikle antibiyotik kullan\u0131m\u0131na gerek kalmaz. Ancak \u00f6ks\u00fcr\u00fc\u011f\u00fcn kesilmesi i\u00e7in ya da ya\u015fanan a\u011fr\u0131lar\u0131n giderilmesi i\u00e7in ila\u00e7 kullan\u0131m\u0131 gerekebilir. Kuru havalarda odan\u0131n nemlendirilmesi de tedaviye yard\u0131mc\u0131 olacakt\u0131r. Hastan\u0131n h\u0131r\u0131lt\u0131 \u015fikayetini ortadan kald\u0131rmak i\u00e7in de ila\u00e7 kullan\u0131labilir ya da buhar ile hava yollar\u0131n\u0131n a\u00e7\u0131lmas\u0131 tercih edilebilir. Akut bron\u015fite vir\u00fcsler sebebiyet verdi\u011finden antibiyotik kullan\u0131m\u0131 bu vir\u00fcsleri yok etme noktas\u0131nda yetersiz kalabilir. Bu nedenle hekim taraf\u0131ndan \u00e7ok gerekmedik\u00e7e antibiyotik \u00f6nerilmez.<\/p>\n\n\n\n<p><strong>Akut Bron\u015fitten Korunmak M\u00fcmk\u00fcn m\u00fc?<\/strong><br>\u00c7e\u015fitli \u00f6nlemler alarak akut bron\u015fit hastal\u0131\u011f\u0131ndan korunmak m\u00fcmk\u00fcn olabilir. Korunmak amac\u0131yla al\u0131nabilecek \u00f6nlemleri \u015fu \u015fekilde s\u0131ralayabiliriz:<\/p>\n\n\n\n<ul class=\"wp-block-list\">\n<li>Sigara kullan\u0131lmamal\u0131 ve sigara duman\u0131 olan yerden uzak durulmal\u0131<\/li>\n\n\n\n<li>Akci\u011ferleri ve solunum yollar\u0131n\u0131 tahri\u015f eden unsurlardan uzak durulmal\u0131<\/li>\n\n\n\n<li>Boya, cila gibi kimyasal maddeler kullan\u0131l\u0131rken a\u011f\u0131z ve burun kapat\u0131lmal\u0131<\/li>\n\n\n\n<li>Eller s\u0131kl\u0131kla y\u0131kanmal\u0131<\/li>\n\n\n\n<li>60 ya\u015f \u00fczerinde olanlar doktora dan\u0131\u015farak zat\u00fcrre a\u015f\u0131s\u0131 olmal\u0131<\/li>\n\n\n\n<li>Bulunulan oda s\u0131kl\u0131kla havaland\u0131r\u0131lmal\u0131<\/li>\n\n\n\n<li>A vitamini y\u00f6n\u00fcnden zengin g\u0131dalar t\u00fcketilmeli<\/li>\n<\/ul>\n\n\n\n<p><strong>Akut Bron\u015fitte Ne Zaman Doktora Gidilmeli?<\/strong><\/p>\n\n\n\n<ul class=\"wp-block-list\">\n<li>\u00d6ks\u00fcr\u00fck 3 hafta boyunca devam etti\u011finde<\/li>\n\n\n\n<li>Gece uykuda ya\u015fanan \u00f6ks\u00fcr\u00fck nedeniyle uyku kalitesinde d\u00fc\u015fme oluyorsa<\/li>\n\n\n\n<li>Hafif ate\u015f de olsa ate\u015f 5 g\u00fcn boyunca d\u00fc\u015fmediyse<\/li>\n\n\n\n<li>38 ve \u00fczerinde y\u00fcksek ate\u015f varsa<\/li>\n\n\n\n<li>A\u015f\u0131r\u0131 balgaml\u0131 bir \u00f6ks\u00fcr\u00fck varsa<\/li>\n\n\n\n<li>Balgam\u0131n rengi ye\u015filse<\/li>\n\n\n\n<li>Balgam kanl\u0131ysa<\/li>\n\n\n\n<li>Nefes al\u0131p verirken h\u0131r\u0131lt\u0131 sesi geliyorsa<\/li>\n<\/ul>\n\n\n\n<p>Bu belirtilerden sadece biri varsa dahi hi\u00e7 vakit kaybetmeden doktora g\u00f6r\u00fcnmeniz gerekir. Bu s\u00fcre\u00e7te bol s\u0131v\u0131 t\u00fcketmeye ve A vitamini y\u00f6n\u00fcnden zengin g\u0131dalar t\u00fcketmeye de \u00f6zen g\u00f6stermelisiniz. Ayr\u0131ca akut bron\u015fit rahats\u0131zl\u0131\u011f\u0131nda asla doktor \u00f6nermeden, geli\u015fig\u00fczel antibiyotik kullan\u0131m\u0131nda bulunmay\u0131n. Antibiyotiklerin yan etkileri olduk\u00e7a g\u00fc\u00e7l\u00fc ila\u00e7lar oldu\u011fu unutulmamal\u0131d\u0131r ve doktor \u00f6nermeden kullan\u0131lmamal\u0131d\u0131r.<\/p>\n\n\n\n<p>Di\u015f Sa\u011fl\u0131\u011f\u0131 3<\/p>\n","protected":false},"excerpt":{"rendered":"<p>Genellikle so\u011fuk alg\u0131nl\u0131\u011f\u0131 rahats\u0131zl\u0131\u011f\u0131ndan sonra ortaya \u00e7\u0131kan ve son derece yayg\u0131n g\u00f6r\u00fclen akut bron\u015fit hastal\u0131\u011f\u0131, akci\u011fere ya da solunum yollar\u0131n\u0131n \u00fcst b\u00f6l\u00fcm\u00fcne yerle\u015fen bakteri veya vir\u00fcslerden kaynaklan\u0131r. Solunum hava yollar\u0131 olan bron\u015flarda iltihaplanma olu\u015fmas\u0131na sebebiyet verir ve buna ba\u011fl\u0131 olarak bron\u015flarda \u015fi\u015fme ve balgam olu\u015fmas\u0131 gibi s\u0131k\u0131nt\u0131lar\u0131 da beraberinde getirir. \u00c7ocuklarda \u00e7ok daha s\u0131k g\u00f6r\u00fclen [&hellip;]<\/p>\n","protected":false},"author":1,"featured_media":778,"comment_status":"open","ping_status":"open","sticky":false,"template":"","format":"standard","meta":{"inline_featured_image":false,"footnotes":""},"categories":[66,1],"tags":[],"class_list":["post-283","post","type-post","status-publish","format-standard","has-post-thumbnail","hentry","category-gogus-hastaliklari","category-uncategorized-tr"],"acf":[],"_links":{"self":[{"href":"https:\/\/esencaninternational.com\/tr\/wp-json\/wp\/v2\/posts\/283","targetHints":{"allow":["GET"]}}],"collection":[{"href":"https:\/\/esencaninternational.com\/tr\/wp-json\/wp\/v2\/posts"}],"about":[{"href":"https:\/\/esencaninternational.com\/tr\/wp-json\/wp\/v2\/types\/post"}],"author":[{"embeddable":true,"href":"https:\/\/esencaninternational.com\/tr\/wp-json\/wp\/v2\/users\/1"}],"replies":[{"embeddable":true,"href":"https:\/\/esencaninternational.com\/tr\/wp-json\/wp\/v2\/comments?post=283"}],"version-history":[{"count":2,"href":"https:\/\/esencaninternational.com\/tr\/wp-json\/wp\/v2\/posts\/283\/revisions"}],"predecessor-version":[{"id":582,"href":"https:\/\/esencaninternational.com\/tr\/wp-json\/wp\/v2\/posts\/283\/revisions\/582"}],"wp:featuredmedia":[{"embeddable":true,"href":"https:\/\/esencaninternational.com\/tr\/wp-json\/wp\/v2\/media\/778"}],"wp:attachment":[{"href":"https:\/\/esencaninternational.com\/tr\/wp-json\/wp\/v2\/media?parent=283"}],"wp:term":[{"taxonomy":"category","embeddable":true,"href":"https:\/\/esencaninternational.com\/tr\/wp-json\/wp\/v2\/categories?post=283"},{"taxonomy":"post_tag","embeddable":true,"href":"https:\/\/esencaninternational.com\/tr\/wp-json\/wp\/v2\/tags?post=283"}],"curies":[{"name":"wp","href":"https:\/\/api.w.org\/{rel}","templated":true}]}}